{"id":2492,"date":"2026-03-20T18:00:58","date_gmt":"2026-03-20T17:00:58","guid":{"rendered":"https:\/\/wordpress.p700240.webspaceconfig.de\/aktuell\/news\/telebasel-punkt6-la-societe-dexploitation-du-telepherique-de-reigoldswil-est-convaincue-de-la-securite-de-ses-cabines\/"},"modified":"2026-03-20T18:00:58","modified_gmt":"2026-03-20T17:00:58","slug":"telebasel-punkt6-la-societe-dexploitation-du-telepherique-de-reigoldswil-est-convaincue-de-la-securite-de-ses-cabines","status":"publish","type":"post","link":"https:\/\/www.region-wasserfallen.ch\/fr\/aktuell\/news\/telebasel-punkt6-la-societe-dexploitation-du-telepherique-de-reigoldswil-est-convaincue-de-la-securite-de-ses-cabines\/","title":{"rendered":"TeleBasel \/ punkt6 \/ La soci\u00e9t\u00e9 d&rsquo;exploitation du t\u00e9l\u00e9ph\u00e9rique de Reigoldswil est convaincue de la s\u00e9curit\u00e9 de ses cabines"},"content":{"rendered":"","protected":false},"excerpt":{"rendered":"","protected":false},"author":3,"featured_media":2497,"comment_status":"closed","ping_status":"closed","sticky":false,"template":"","format":"standard","meta":{"_acf_changed":false,"footnotes":""},"categories":[40],"tags":[],"class_list":["post-2492","post","type-post","status-publish","format-standard","has-post-thumbnail","hentry","category-couverture-mediatique"],"acf":[],"_links":{"self":[{"href":"https:\/\/www.region-wasserfallen.ch\/fr\/wp-json\/wp\/v2\/posts\/2492","targetHints":{"allow":["GET"]}}],"collection":[{"href":"https:\/\/www.region-wasserfallen.ch\/fr\/wp-json\/wp\/v2\/posts"}],"about":[{"href":"https:\/\/www.region-wasserfallen.ch\/fr\/wp-json\/wp\/v2\/types\/post"}],"author":[{"embeddable":true,"href":"https:\/\/www.region-wasserfallen.ch\/fr\/wp-json\/wp\/v2\/users\/3"}],"replies":[{"embeddable":true,"href":"https:\/\/www.region-wasserfallen.ch\/fr\/wp-json\/wp\/v2\/comments?post=2492"}],"version-history":[{"count":0,"href":"https:\/\/www.region-wasserfallen.ch\/fr\/wp-json\/wp\/v2\/posts\/2492\/revisions"}],"wp:featuredmedia":[{"embeddable":true,"href":"https:\/\/www.region-wasserfallen.ch\/fr\/wp-json\/wp\/v2\/media\/2497"}],"wp:attachment":[{"href":"https:\/\/www.region-wasserfallen.ch\/fr\/wp-json\/wp\/v2\/media?parent=2492"}],"wp:term":[{"taxonomy":"category","embeddable":true,"href":"https:\/\/www.region-wasserfallen.ch\/fr\/wp-json\/wp\/v2\/categories?post=2492"},{"taxonomy":"post_tag","embeddable":true,"href":"https:\/\/www.region-wasserfallen.ch\/fr\/wp-json\/wp\/v2\/tags?post=2492"}],"curies":[{"name":"wp","href":"https:\/\/api.w.org\/{rel}","templated":true}]}}