{"id":2443,"date":"2026-06-06T18:00:48","date_gmt":"2026-06-06T16:00:48","guid":{"rendered":"https:\/\/wordpress.p700240.webspaceconfig.de\/aktuell\/news\/telebasel-punkt6-les-pompiers-ont-evacue-60-personnes-dune-telecabine-a-laide-dune-corde\/"},"modified":"2026-06-06T18:00:48","modified_gmt":"2026-06-06T16:00:48","slug":"telebasel-punkt6-les-pompiers-ont-evacue-60-personnes-dune-telecabine-a-laide-dune-corde","status":"publish","type":"post","link":"https:\/\/www.region-wasserfallen.ch\/fr\/aktuell\/news\/telebasel-punkt6-les-pompiers-ont-evacue-60-personnes-dune-telecabine-a-laide-dune-corde\/","title":{"rendered":"TeleBasel \/ punkt6 \/ Les pompiers ont \u00e9vacu\u00e9 60 personnes d&rsquo;une t\u00e9l\u00e9cabine \u00e0 l&rsquo;aide d&rsquo;une corde"},"content":{"rendered":"","protected":false},"excerpt":{"rendered":"","protected":false},"author":3,"featured_media":2448,"comment_status":"closed","ping_status":"closed","sticky":false,"template":"","format":"standard","meta":{"_acf_changed":false,"footnotes":""},"categories":[12],"tags":[],"class_list":["post-2443","post","type-post","status-publish","format-standard","has-post-thumbnail","hentry","category-non-categorise"],"acf":[],"_links":{"self":[{"href":"https:\/\/www.region-wasserfallen.ch\/fr\/wp-json\/wp\/v2\/posts\/2443","targetHints":{"allow":["GET"]}}],"collection":[{"href":"https:\/\/www.region-wasserfallen.ch\/fr\/wp-json\/wp\/v2\/posts"}],"about":[{"href":"https:\/\/www.region-wasserfallen.ch\/fr\/wp-json\/wp\/v2\/types\/post"}],"author":[{"embeddable":true,"href":"https:\/\/www.region-wasserfallen.ch\/fr\/wp-json\/wp\/v2\/users\/3"}],"replies":[{"embeddable":true,"href":"https:\/\/www.region-wasserfallen.ch\/fr\/wp-json\/wp\/v2\/comments?post=2443"}],"version-history":[{"count":0,"href":"https:\/\/www.region-wasserfallen.ch\/fr\/wp-json\/wp\/v2\/posts\/2443\/revisions"}],"wp:featuredmedia":[{"embeddable":true,"href":"https:\/\/www.region-wasserfallen.ch\/fr\/wp-json\/wp\/v2\/media\/2448"}],"wp:attachment":[{"href":"https:\/\/www.region-wasserfallen.ch\/fr\/wp-json\/wp\/v2\/media?parent=2443"}],"wp:term":[{"taxonomy":"category","embeddable":true,"href":"https:\/\/www.region-wasserfallen.ch\/fr\/wp-json\/wp\/v2\/categories?post=2443"},{"taxonomy":"post_tag","embeddable":true,"href":"https:\/\/www.region-wasserfallen.ch\/fr\/wp-json\/wp\/v2\/tags?post=2443"}],"curies":[{"name":"wp","href":"https:\/\/api.w.org\/{rel}","templated":true}]}}